{"id":1094,"date":"2024-11-18T18:12:44","date_gmt":"2024-11-18T17:12:44","guid":{"rendered":"https:\/\/dingueries.noblogs.org\/?p=1094"},"modified":"2024-11-17T19:08:54","modified_gmt":"2024-11-17T18:08:54","slug":"italie-affrontements-contre-la-police-lors-de-manifestations-antifasciste","status":"publish","type":"post","link":"https:\/\/dingueries.noblogs.org\/?p=1094","title":{"rendered":"[Italie] Affrontements contre la police lors de manifestations antifasciste"},"content":{"rendered":"<p id=\"magicdomid4\" class=\"ace-line\" aria-live=\"assertive\"><span class=\"author-a-d6z86z4z90z2qz67zz67zz68zz87zz66zz65zwz81zz77z\">Le 9 novembre \u00e0 <\/span><span class=\"author-a-d6z86z4z90z2qz67zz67zz68zz87zz66zz65zwz81zz77z b\"><b>Bologne<\/b><\/span><span class=\"author-a-d6z86z4z90z2qz67zz67zz68zz87zz66zz65zwz81zz77z\">, des affrontements ont \u00e9clat\u00e9 entre la police anti-\u00e9meute et des manifestant\u00b7e\u00b7s lors d\u2019une marche antifasciste. Cette mobilisation avait lieu \u00e0 proximit\u00e9 d\u2019une manifestation d\u2019extr\u00eame droite, organis\u00e9e par des groupes tels que CasaPound et Rete dei Patrioti (R\u00e9seau des Patriotes), d\u00e9non\u00e7ant la \u00ab\u00a0criminalit\u00e9\u00a0\u00bb et ce qu\u2019ils qualifient de \u00ab\u00a0d\u00e9gradation\u00a0\u00bb de l\u2019Italie.<\/span><\/p>\n<p><!--more--><\/p>\n<p id=\"magicdomid5\" class=\"ace-line\" aria-live=\"assertive\"><span class=\"author-a-d6z86z4z90z2qz67zz67zz68zz87zz66zz65zwz81zz77z\">Les manifestant\u00b7e\u00b7s antifascistes ont tent\u00e9 \u00e0 plusieurs reprises de franchir les cordons des forces de l\u2019ordre, ce qui a donn\u00e9 lieu \u00e0 des heurts violents. Selon les m\u00e9dias, ces affrontements ont fait au moins 10 bless\u00e9\u00b7e\u00b7s parmi les participant\u00b7e\u00b7s \u00e0 la marche antifasciste, tandis que 3 agent\u00b7e\u00b7s des forces de l\u2019ordre ont \u00e9galement \u00e9t\u00e9 bless\u00e9\u00b7e\u00b7s.<\/span><\/p>\n<p class=\"ace-line\" aria-live=\"assertive\"><span class=\"author-a-d6z86z4z90z2qz67zz67zz68zz87zz66zz65zwz81zz77z\">Le 15 novembre, des manifestations baptis\u00e9es \u00ab No Meloni Day \u00bb ont eu lieu dans les principales villes d&rsquo;Italie. Ces mobilisations d\u00e9non\u00e7aient \u00e0 la fois la pr\u00e9carit\u00e9 \u00e9tudiante et le g\u00e9nocide en Palestine<\/span><span class=\"author-a-z90zlz72z9z80zz72zz86z1rz67zvmz79zz88zz65zv\">.<\/span><\/p>\n<p id=\"magicdomid9\" class=\"ace-line\" aria-live=\"assertive\"><span class=\"author-a-d6z86z4z90z2qz67zz67zz68zz87zz66zz65zwz81zz77z b\"><b>A Turin<\/b><\/span><span class=\"author-a-d6z86z4z90z2qz67zz67zz68zz87zz66zz65zwz81zz77z\">, une partie des manifestants a franchi un cordon de police et a eu des altercations avec les forces de l\u2019ordre devant la pr\u00e9fecture, sur la piazza Castello. Certains d\u2019entre eux ont \u00e9t\u00e9 repouss\u00e9s en tentant d\u2019atteindre l\u2019entr\u00e9e du b\u00e2timent, tandis que des commerces voisins ont subi des d\u00e9gradations.<\/span><\/p>\n<p id=\"magicdomid11\" class=\"ace-line\" aria-live=\"assertive\"><span class=\"author-a-d6z86z4z90z2qz67zz67zz68zz87zz66zz65zwz81zz77z\">Les \u00e9tudiant.es ont lanc\u00e9 des engins artisanaux sur la police, entra\u00eenant l\u2019hospitalisation de 15 agents en urgence. Par la suite, le cort\u00e8ge s\u2019est d\u00e9plac\u00e9 devant le presbyt\u00e8re et le si\u00e8ge de la RAI, le principal groupe audiovisuel public italien, o\u00f9 des v\u00e9hicules de police ont \u00e9t\u00e9 frapp\u00e9s \u00e0 l\u2019aide de m\u00e2ts de drapeau.<\/span><\/p>\n<p id=\"magicdomid12\" class=\"ace-line\" aria-live=\"assertive\"><span class=\"author-a-d6z86z4z90z2qz67zz67zz68zz87zz66zz65zwz81zz77z\">Des actes de vandalisme ont \u00e9galement vis\u00e9 le c\u00e9l\u00e8bre Mus\u00e9e national du cin\u00e9ma, situ\u00e9 dans l\u2019embl\u00e9matique tour de la Mole Antonelliana. Pris pour cible lors de la manifestation pro-palestinienne qui s\u2019est d\u00e9roul\u00e9e dans le centre de Turin, le mus\u00e9e a vu son drapeau italien arrach\u00e9, ses murs partiellement d\u00e9grad\u00e9s, et son personnel agress\u00e9.<\/span><\/p>\n<p id=\"magicdomid13\" class=\"ace-line\" aria-live=\"assertive\">\n","protected":false},"excerpt":{"rendered":"<p>Le 9 novembre \u00e0 Bologne, des affrontements ont \u00e9clat\u00e9 entre la police anti-\u00e9meute et des manifestant\u00b7e\u00b7s lors d\u2019une marche antifasciste. Cette mobilisation avait lieu \u00e0 proximit\u00e9 d\u2019une manifestation d\u2019extr\u00eame droite, organis\u00e9e par des groupes tels que CasaPound et Rete dei Patrioti (R\u00e9seau des Patriotes), d\u00e9non\u00e7ant la \u00ab\u00a0criminalit\u00e9\u00a0\u00bb et ce qu\u2019ils qualifient de \u00ab\u00a0d\u00e9gradation\u00a0\u00bb de l\u2019Italie.<\/p>\n","protected":false},"author":20017,"featured_media":0,"comment_status":"closed","ping_status":"closed","sticky":false,"template":"","format":"standard","meta":{"footnotes":""},"categories":[3],"tags":[76,217,22,218],"class_list":["post-1094","post","type-post","status-publish","format-standard","hentry","category-actions","tag-antifascisme","tag-bologne","tag-italie","tag-turin"],"_links":{"self":[{"href":"https:\/\/dingueries.noblogs.org\/index.php?rest_route=\/wp\/v2\/posts\/1094","targetHints":{"allow":["GET"]}}],"collection":[{"href":"https:\/\/dingueries.noblogs.org\/index.php?rest_route=\/wp\/v2\/posts"}],"about":[{"href":"https:\/\/dingueries.noblogs.org\/index.php?rest_route=\/wp\/v2\/types\/post"}],"author":[{"embeddable":true,"href":"https:\/\/dingueries.noblogs.org\/index.php?rest_route=\/wp\/v2\/users\/20017"}],"replies":[{"embeddable":true,"href":"https:\/\/dingueries.noblogs.org\/index.php?rest_route=%2Fwp%2Fv2%2Fcomments&post=1094"}],"version-history":[{"count":7,"href":"https:\/\/dingueries.noblogs.org\/index.php?rest_route=\/wp\/v2\/posts\/1094\/revisions"}],"predecessor-version":[{"id":1109,"href":"https:\/\/dingueries.noblogs.org\/index.php?rest_route=\/wp\/v2\/posts\/1094\/revisions\/1109"}],"wp:attachment":[{"href":"https:\/\/dingueries.noblogs.org\/index.php?rest_route=%2Fwp%2Fv2%2Fmedia&parent=1094"}],"wp:term":[{"taxonomy":"category","embeddable":true,"href":"https:\/\/dingueries.noblogs.org\/index.php?rest_route=%2Fwp%2Fv2%2Fcategories&post=1094"},{"taxonomy":"post_tag","embeddable":true,"href":"https:\/\/dingueries.noblogs.org\/index.php?rest_route=%2Fwp%2Fv2%2Ftags&post=1094"}],"curies":[{"name":"wp","href":"https:\/\/api.w.org\/{rel}","templated":true}]}}