{"id":2877,"date":"2025-12-06T11:14:11","date_gmt":"2025-12-06T10:14:11","guid":{"rendered":"https:\/\/dingueries.noblogs.org\/?p=2877"},"modified":"2025-12-03T00:48:55","modified_gmt":"2025-12-02T23:48:55","slug":"france-ouverture-dun-nouveau-batiment-a-la-prison-des-baumettes","status":"publish","type":"post","link":"https:\/\/dingueries.noblogs.org\/?p=2877","title":{"rendered":"[France] Ouverture d&rsquo;un nouveau b\u00e2timent \u00e0 la prison des Baumettes"},"content":{"rendered":"<p><em>Initialement publi\u00e9 sur le compte Instagram <a href=\"https:\/\/imginn.com\/pnplesbaumettes\/\">Pnp Les Baumettes<\/a> le 14\/11\/2025, le 21\/11\/2025 et le 01\/12\/2025.<\/em><\/p>\n<p><strong>Contre l&rsquo;ouverture des baumettes 3 et toutes les prisons<\/strong><\/p>\n<p>Selon la propagande du ministre de la justice et de l&rsquo;administration p\u00e9nitentiaire, G\u00e9rald Darmanin, les baumettes 3 seront inaugur\u00e9es \u00e0 Marseille d&rsquo;ici d\u00e9cembre 2025.<\/p>\n<p>Il s&rsquo;agit d&rsquo;un \u00e9largissement du centre p\u00e9nitentiaire des baumettes, avec un complexe de 4 nouveaux quartiers pour hommes et 1 quartier disciplinaire constituant au total 740 nouvelles places pour les prisonnier.es. Celles-ci s&rsquo;ajoutent \u00e0 celle d\u00e9j\u00e0 existantes pour un total de 1400 place de capacit\u00e9.<\/p>\n<p><!--more--><\/p>\n<p>Les nouveaux b\u00e2timents sont plac\u00e9s afin qu&rsquo;on ne puisse ni voir ni entendre les prisonnier.es. Iels seront isol\u00e9.es par un syst\u00e8me de brise soleil et pare-vue au plus proche des fen\u00eatres des cellules.<\/p>\n<p>Comme pour tous les projets de construction de nouvelles prisons, l&rsquo;argument utilis\u00e9 pour les l\u00e9gitimer est la lutte contre la surpopulation carc\u00e9rale et l&rsquo;am\u00e9lioration des conditions de d\u00e9tention.<\/p>\n<p>Pourtant il est \u00e9vident que la construction de nouvelles prisons ne sert pas tant \u00e0 r\u00e9duire la surpopulation, qu&rsquo;\u00e0 simplement enfermer plus.<\/p>\n<p>Il suffit de regarder les baumettes 2, ouvert en 2017 : l\u00e0 aussi, on parlait de r\u00e9duire la surpopulation, mais un an apr\u00e8s leur ouverture, le taux d&rsquo;occupation \u00e9tait d\u00e9j\u00e0 de 154%. Aujourd&rsquo;hui il est de 200% ce qui ne fait qu&rsquo;alimenter le cercle vicieux de l&rsquo;enfermement.<\/p>\n<p>De plus la nouvelle construction de nouvelles prisons s&rsquo;accompagne toujours de politiques r\u00e9pressives, qui punissent avec l&#8217;emprisonnement de plus en plus de comportement et augmentent les dur\u00e9es de peines de prison.<\/p>\n<p>Avec l&rsquo;ouverture des baumettes 3, non seulement les conditions \u00e0 l&rsquo;int\u00e9rieur ne s&rsquo;am\u00e9lioreront pas, mais elles empireront \u00e9galement pour celles et ceux qui sont a l&rsquo;ext\u00e9rieur, avec plus de contr\u00f4les, plus d&rsquo;arrestations, et plus d&rsquo;interventions polici\u00e8res dans la rue.<\/p>\n<p>Une nouvelle prison ne r\u00e9pare ni ne soigne, mais sert seulement \u00e0 isoler encore plus, a d\u00e9truire des familles et briser des liens, \u00e0 contr\u00f4ler et mettre dans de cage les personnes ind\u00e9sirables de la soci\u00e9t\u00e9.<\/p>\n<p>L&rsquo;enfermement n&rsquo;a jamais fait baisser les actes de violences car enfermer n&rsquo;a jamais r\u00e9duit la pauvret\u00e9, les in\u00e9galit\u00e9s ou les souffrances psychologique. C&rsquo;est de la torture dissimul\u00e9e qui n&rsquo;est pas remise en question.<\/p>\n<p>La seule solution contre la surpopulation carc\u00e9rale est la libert\u00e9.<\/p>\n<p>Solidarit\u00e9 avec les prisonnier.es et leur proches<\/p>\n<hr \/>\n<p><strong>Le nouveau b\u00e2timent des baumettes commence \u00e0 montrer ses premi\u00e8res retomb\u00e9es n\u00e9gatives<\/strong><\/p>\n<p>Le b\u00e2timent 3 a ouvert cette semaine, plusieurs d\u00e9tenus ont \u00e9t\u00e9 transf\u00e9r\u00e9s des anciens vers le nouveau b\u00e2timent.<\/p>\n<p>Il n&rsquo;y a pas de nouvelles espace d\u00e9di\u00e9 aux parloirs, r\u00e9sultats les cr\u00e9neaux r\u00e9servables sont r\u00e9partis entre tous les b\u00e2timents.<\/p>\n<p>Nous avons su que les proches se retrouvent avec une seule possibilit\u00e9 de r\u00e9servation par semaine !<\/p>\n<p>Cette situation est inacceptable.<\/p>\n<p>Les nouvelles prisons ne sont que de nouveaux probl\u00e8mes, la seule solution c&rsquo;est la fin de toutes les prisons !<\/p>\n<hr \/>\n<p><strong>Les nouvelles de l&rsquo;ouverture des Baumettes 3 continuent<\/strong><\/p>\n<p>Les proches et les prisonnier.e.s payent au prix fort les projets d&rsquo;enfermement de Darmanin.<\/p>\n<p>Depuis plusieurs semaines, le chauffage et l&rsquo;eau chaude ne fonctionnent pas dans de nombreuses parties de la prison.<\/p>\n<p>Une personne qui a voulu protester contre son transfert dans les nouveaux b\u00e2timents a \u00e9t\u00e9 enferm\u00e9e au mitard.<\/p>\n<p>Et les proches continuent de n&rsquo;avoir qu&rsquo;un seul cr\u00e9neau disponible par semaine, et doivent se lever aux aurores pour avoir une chance de r\u00e9server des semaines \u00e0 l&rsquo;avance !<\/p>\n<p>Nous nous fichons de savoir les raisons de ces d\u00e9sagr\u00e9ments, et nous r\u00e9jouissons m\u00eame des difficult\u00e9s de l&rsquo;administration p\u00e9nitentiaire pour recruter des matons pour faire marcher la prison.<\/p>\n<p>Nouvelles prisons, nouveaux probl\u00e8mes ! La seule solution c\u00a0\u00bbest la fin de toutes les prisons !<br \/>\nNouve<\/p>\n","protected":false},"excerpt":{"rendered":"<p>Initialement publi\u00e9 sur le compte Instagram Pnp Les Baumettes le 14\/11\/2025, le 21\/11\/2025 et le 01\/12\/2025. Contre l&rsquo;ouverture des baumettes 3 et toutes les prisons Selon la propagande du ministre de la justice et de l&rsquo;administration p\u00e9nitentiaire, G\u00e9rald Darmanin, les baumettes 3 seront inaugur\u00e9es \u00e0 Marseille d&rsquo;ici d\u00e9cembre 2025. Il s&rsquo;agit d&rsquo;un \u00e9largissement du centre [&hellip;]<\/p>\n","protected":false},"author":20017,"featured_media":0,"comment_status":"closed","ping_status":"closed","sticky":false,"template":"","format":"standard","meta":{"footnotes":""},"categories":[4],"tags":[33,829,503,8],"class_list":["post-2877","post","type-post","status-publish","format-standard","hentry","category-prisonnier-es","tag-france","tag-les-baumettes","tag-marseille","tag-prison"],"_links":{"self":[{"href":"https:\/\/dingueries.noblogs.org\/index.php?rest_route=\/wp\/v2\/posts\/2877","targetHints":{"allow":["GET"]}}],"collection":[{"href":"https:\/\/dingueries.noblogs.org\/index.php?rest_route=\/wp\/v2\/posts"}],"about":[{"href":"https:\/\/dingueries.noblogs.org\/index.php?rest_route=\/wp\/v2\/types\/post"}],"author":[{"embeddable":true,"href":"https:\/\/dingueries.noblogs.org\/index.php?rest_route=\/wp\/v2\/users\/20017"}],"replies":[{"embeddable":true,"href":"https:\/\/dingueries.noblogs.org\/index.php?rest_route=%2Fwp%2Fv2%2Fcomments&post=2877"}],"version-history":[{"count":1,"href":"https:\/\/dingueries.noblogs.org\/index.php?rest_route=\/wp\/v2\/posts\/2877\/revisions"}],"predecessor-version":[{"id":2878,"href":"https:\/\/dingueries.noblogs.org\/index.php?rest_route=\/wp\/v2\/posts\/2877\/revisions\/2878"}],"wp:attachment":[{"href":"https:\/\/dingueries.noblogs.org\/index.php?rest_route=%2Fwp%2Fv2%2Fmedia&parent=2877"}],"wp:term":[{"taxonomy":"category","embeddable":true,"href":"https:\/\/dingueries.noblogs.org\/index.php?rest_route=%2Fwp%2Fv2%2Fcategories&post=2877"},{"taxonomy":"post_tag","embeddable":true,"href":"https:\/\/dingueries.noblogs.org\/index.php?rest_route=%2Fwp%2Fv2%2Ftags&post=2877"}],"curies":[{"name":"wp","href":"https:\/\/api.w.org\/{rel}","templated":true}]}}