{"id":2887,"date":"2025-12-05T13:21:24","date_gmt":"2025-12-05T12:21:24","guid":{"rendered":"https:\/\/dingueries.noblogs.org\/?p=2887"},"modified":"2025-12-03T00:45:44","modified_gmt":"2025-12-02T23:45:44","slug":"allemagne-ecrire-aux-5-prisonnier-es-pro-palestinien-nes-de-ulm","status":"publish","type":"post","link":"https:\/\/dingueries.noblogs.org\/?p=2887","title":{"rendered":"[Allemagne] Ecrire aux 5 prisonnier.es pro-palestinien.nes de Ulm"},"content":{"rendered":"<p>Initialement publi\u00e9 sur Secours Rouge les <a href=\"https:\/\/secoursrouge.org\/allemagne-5-militants-pro-palestiniens-detenus-a-ulm\/\">22\/09\/2025<\/a> et <a href=\"https:\/\/secoursrouge.org\/allemagne-ecrivez-aux-5-prisonniers-pro-palestiniens-dulm\/\">15\/11\/2025<\/a>.<\/p>\n<p>Suite \u00e0 une action contre le principal fabricant d\u2019armes isra\u00e9lien Elbit Systems le 2 septembre dernier, cinq activistes sont d\u00e9tenu-es \u00e0 Ulm depuis le 16 septembre. Ils sont accus\u00e9s d\u2019intrusion et de destruction de biens, mais aussi d\u2019appartenance \u00e0 une organisation criminelle (selon l\u2019article \u00a7129 du Code p\u00e9nal). Iels devraient \u00eatre d\u00e9tenu-es durant toute la dur\u00e9e de l\u2019enqu\u00eate jusqu\u2019\u00e0 leur proc\u00e8s, qui pourrait durer au moins six mois.<\/p>\n<p><!--more--><\/p>\n<p><span dir=\"auto\">Daniel, Leandra, Vi, Walt et Zo ont \u00e9t\u00e9 r\u00e9parti-es dans diff\u00e9rentes prisons du sud-ouest de l\u2019Allemagne et subissent diverses formes de harc\u00e8lement. Afin de les soutenir, le Rote Hilfe Stuttgart organise une campagne pour leur \u00e9crire et leur distribuer leurs courriers.<\/span><\/p>\n<p><span dir=\"auto\"><strong>Nom des prisonniers<\/strong> : Daniel (iel\/aucun pronom, \u00e9crire en anglais), Leandra (elle, \u00e9crire en anglais\/espagnol), Vi (iel\/aucun pronom, \u00e9crire en allemand\/anglais), Walt (iel\/aucun pronom, \u00e9crire en anglais) et Zo (iel\/aucun pronom, \u00e9crire en anglais) <\/span><\/p>\n<p><span dir=\"auto\"><strong>Adresse<\/strong> : Rote Hilfe eV \u00b7 <\/span><span dir=\"auto\">B\u00f6blinger Stra\u00dfe 105 \u00b7 <\/span><span dir=\"auto\">70199 Stuttgart<\/span><\/p>\n","protected":false},"excerpt":{"rendered":"<p>Initialement publi\u00e9 sur Secours Rouge les 22\/09\/2025 et 15\/11\/2025. Suite \u00e0 une action contre le principal fabricant d\u2019armes isra\u00e9lien Elbit Systems le 2 septembre dernier, cinq activistes sont d\u00e9tenu-es \u00e0 Ulm depuis le 16 septembre. Ils sont accus\u00e9s d\u2019intrusion et de destruction de biens, mais aussi d\u2019appartenance \u00e0 une organisation criminelle (selon l\u2019article \u00a7129 du [&hellip;]<\/p>\n","protected":false},"author":20017,"featured_media":0,"comment_status":"closed","ping_status":"closed","sticky":false,"template":"","format":"standard","meta":{"footnotes":""},"categories":[4],"tags":[72,31,7,110,834],"class_list":["post-2887","post","type-post","status-publish","format-standard","hentry","category-prisonnier-es","tag-allemagne","tag-ecrire-aux-prisonniers","tag-palestine","tag-solidarite-internationale","tag-ulm"],"_links":{"self":[{"href":"https:\/\/dingueries.noblogs.org\/index.php?rest_route=\/wp\/v2\/posts\/2887","targetHints":{"allow":["GET"]}}],"collection":[{"href":"https:\/\/dingueries.noblogs.org\/index.php?rest_route=\/wp\/v2\/posts"}],"about":[{"href":"https:\/\/dingueries.noblogs.org\/index.php?rest_route=\/wp\/v2\/types\/post"}],"author":[{"embeddable":true,"href":"https:\/\/dingueries.noblogs.org\/index.php?rest_route=\/wp\/v2\/users\/20017"}],"replies":[{"embeddable":true,"href":"https:\/\/dingueries.noblogs.org\/index.php?rest_route=%2Fwp%2Fv2%2Fcomments&post=2887"}],"version-history":[{"count":1,"href":"https:\/\/dingueries.noblogs.org\/index.php?rest_route=\/wp\/v2\/posts\/2887\/revisions"}],"predecessor-version":[{"id":2888,"href":"https:\/\/dingueries.noblogs.org\/index.php?rest_route=\/wp\/v2\/posts\/2887\/revisions\/2888"}],"wp:attachment":[{"href":"https:\/\/dingueries.noblogs.org\/index.php?rest_route=%2Fwp%2Fv2%2Fmedia&parent=2887"}],"wp:term":[{"taxonomy":"category","embeddable":true,"href":"https:\/\/dingueries.noblogs.org\/index.php?rest_route=%2Fwp%2Fv2%2Fcategories&post=2887"},{"taxonomy":"post_tag","embeddable":true,"href":"https:\/\/dingueries.noblogs.org\/index.php?rest_route=%2Fwp%2Fv2%2Ftags&post=2887"}],"curies":[{"name":"wp","href":"https:\/\/api.w.org\/{rel}","templated":true}]}}