{"id":3224,"date":"2026-01-21T19:21:17","date_gmt":"2026-01-21T18:21:17","guid":{"rendered":"https:\/\/dingueries.noblogs.org\/?p=3224"},"modified":"2026-01-21T12:35:38","modified_gmt":"2026-01-21T11:35:38","slug":"france-vandalisme-sur-le-chantier-du-futur-cra-de-merignac","status":"publish","type":"post","link":"https:\/\/dingueries.noblogs.org\/?p=3224","title":{"rendered":"[France] Vandalisme sur le chantier du futur CRA de M\u00e9rignac"},"content":{"rendered":"<p>Initialement publi\u00e9 sur <a href=\"https:\/\/attaque.noblogs.org\/post\/2026\/01\/20\/merignac-gironde-vandalisme-sur-le-chantier-du-futur-cra\/#more-61907\">Attaque<\/a> le 20\/01\/2026<\/p>\n<div class=\"entry-content\">\n<p><em><del>France 3<\/del> \/ mardi 20 janvier 2026<\/em><\/p>\n<p><a href=\"https:\/\/attaque.noblogs.org\/files\/2026\/01\/Merignac.jpg\"><img loading=\"lazy\" decoding=\"async\" class=\" wp-image-61911 alignright\" src=\"https:\/\/attaque.noblogs.org\/files\/2026\/01\/Merignac.jpg\" alt=\"\" width=\"233\" height=\"131\" \/><\/a>Les d\u00e9g\u00e2ts ont \u00e9t\u00e9 d\u00e9couverts par les ouvriers lors de leur prise de service, lundi 19 janvier. <strong>Le chantier du futur centre de r\u00e9tention administrative de M\u00e9rignac pr\u00e8s de Bordeaux a \u00e9t\u00e9 vandalis\u00e9<\/strong>, \u201cprobablement au cours du week-end dernier, entre le 16 et le 18 janvier\u201d, indique le parquet de Bordeaux.<br \/>\n<span id=\"more-61907\"><\/span><br \/>\nDestin\u00e9 \u00e0 retenir des personnes \u00e9trang\u00e8res en attente d\u2019expulsion du territoire fran\u00e7ais, le site a \u00e9t\u00e9 s\u00e9rieusement saccag\u00e9. <strong>L\u2019ensemble des vitrages par balles [hem\u2026 \u00ab\u00a0pare-balles\u00a0\u00bb peut-\u00eatre\u00a0? NdAtt.] a \u00e9t\u00e9 d\u00e9truit, \u201c\u00e0 l\u2019aide d\u2019un objet lourd, type marteau\u201d, pr\u00e9cise le parquet de Bordeaux. Le carrelage a \u00e9t\u00e9 bris\u00e9 et des gaines \u00e9lectriques ont \u00e9t\u00e9 sectionn\u00e9es. \u201c\u00c7a\u00a0d\u00e9passe la centaine de milliers d\u2019euros de d\u00e9g\u00e2ts<\/strong>, le vitrage sp\u00e9cifique co\u00fbte notamment tr\u00e8s cher\u00a0\u00bb, conclut le parquet.<br \/>\nUne enqu\u00eate a \u00e9t\u00e9 ouverte et confi\u00e9e \u00e0 la direction interd\u00e9partementale de la police nationale. Les faits n\u2019ont pas \u00e9t\u00e9 revendiqu\u00e9s. Pour l\u2019heure, personne n\u2019a \u00e9t\u00e9 interpell\u00e9 et aucune piste n\u2019est privil\u00e9gi\u00e9e.<\/p>\n<p><!--more--><\/p>\n<p>Malgr\u00e9 ces nombreux d\u00e9g\u00e2ts, \u00ab\u00a0l\u2019ouverture au premier semestre 2026 sera maintenue\u00a0\u00bb, assure la Pr\u00e9fecture de la Gironde.<br \/>\nCette infrastructure doit remplacer l\u2019actuel centre de r\u00e9tention administrative, situ\u00e9 au sous-sol de l\u2019h\u00f4tel de Police de Bordeaux qui est \u00ab\u00a0le plus petit CRA de France hexagonale, avec une capacit\u00e9 de 20 places hommes avec peu de lumi\u00e8re naturelle et une importante promiscuit\u00e9 du fait de l\u2019\u00e9troitesse des lieux\u201d, d\u00e9taille la CIMADE, l\u2019association de soutien aux exil\u00e9s dans son bilan 2024.<\/p>\n<p>Le nouveau centre de M\u00e9rignac pourra lui accueillir 140 personnes, aussi bien des hommes que des femmes dans des zones de vies distinctes.<\/p>\n<p><a href=\"https:\/\/attaque.noblogs.org\/files\/2026\/01\/Merignac.avif\"><img loading=\"lazy\" decoding=\"async\" class=\"size-full wp-image-61910 aligncenter\" src=\"https:\/\/attaque.noblogs.org\/files\/2026\/01\/Merignac.avif\" alt=\"\" width=\"1200\" height=\"600\" \/><\/a><\/p>\n<p><em>Selon <del>ici<\/del> [ex <del>France Bleu<\/del>], m\u00eame date\u00a0:<\/em> \u00ab [\u2026] Ce lundi matin, plusieurs d\u00e9gradations ont \u00e9t\u00e9 d\u00e9couvertes sur le chantier\u00a0: <strong>la quasi-totalit\u00e9 des panneaux vitr\u00e9s, pare-balles, ont \u00e9t\u00e9 fissur\u00e9s, ainsi que le carrelage du b\u00e2timent. Plusieurs gaines \u00e9lectriques ont \u00e9galement \u00e9t\u00e9 sectionn\u00e9es. Le pr\u00e9judice est estim\u00e9 \u00e0 plusieurs centaines de milliers d\u2019euros.<\/strong> [\u2026]\u00a0\u00bb<\/p>\n<p><em>Et <del>Sud-Ouest<\/del> du 19 janvier pr\u00e9cise\u00a0:<\/em> \u00ab\u00a0[\u2026] <strong>Grillage d\u00e9coup\u00e9, syst\u00e8me de vid\u00e9osurveillance an\u00e9anti, vitres \u00e9toil\u00e9es, c\u00e2bles \u00e9lectriques arrach\u00e9s, canalisations d\u2019eau endommag\u00e9es, carrelage bris\u00e9, murs d\u00e9grad\u00e9s, mousse expansive d\u00e9vers\u00e9e dans des siphons, etc.<\/strong> Le ou les auteurs qui ont vandalis\u00e9 les b\u00e2timents du futur centre de r\u00e9tention administrative (CRA) de M\u00e9rignac ont d\u00e9vast\u00e9 une grande partie du site. Les d\u00e9g\u00e2ts sont tr\u00e8s importants.<strong> Le pr\u00e9judice, en cours d\u2019estimation, pourrait s\u2019\u00e9lever \u00e0 pr\u00e8s de 300\u00a0000\u00a0euros.<\/strong><\/p>\n<p>Le saccage a \u00e9t\u00e9 d\u00e9couvert ce lundi 19 janvier, en d\u00e9but de matin\u00e9e, par les ouvriers qui s\u2019appr\u00eataient \u00e0 attaquer leur journ\u00e9e de travail. Plusieurs responsables du groupement d\u2019entreprises \u0153uvrant \u00e0 la construction se sont d\u00e9plac\u00e9s pour constater l\u2019ampleur des d\u00e9gradations et ont imm\u00e9diatement alert\u00e9 la police. Les experts de la police technique et scientifique ont pass\u00e9 les lieux au peigne fin pour tenter de relever de pr\u00e9cieux indices. L\u2019enqu\u00eate a \u00e9t\u00e9 confi\u00e9e \u00e0 la Division de la criminalit\u00e9 territoriale (DCT).\u00a0[\u2026] \u00bb<\/p>\n<\/div>\n","protected":false},"excerpt":{"rendered":"<p>Initialement publi\u00e9 sur Attaque le 20\/01\/2026 France 3 \/ mardi 20 janvier 2026 Les d\u00e9g\u00e2ts ont \u00e9t\u00e9 d\u00e9couverts par les ouvriers lors de leur prise de service, lundi 19 janvier. Le chantier du futur centre de r\u00e9tention administrative de M\u00e9rignac pr\u00e8s de Bordeaux a \u00e9t\u00e9 vandalis\u00e9, \u201cprobablement au cours du week-end dernier, entre le 16 [&hellip;]<\/p>\n","protected":false},"author":20017,"featured_media":0,"comment_status":"closed","ping_status":"closed","sticky":false,"template":"","format":"standard","meta":{"footnotes":""},"categories":[3],"tags":[175,14,476,903,33,904],"class_list":["post-3224","post","type-post","status-publish","format-standard","hentry","category-actions","tag-anti-cra","tag-anticarceral","tag-bordeaux","tag-depor","tag-france","tag-merignac"],"_links":{"self":[{"href":"https:\/\/dingueries.noblogs.org\/index.php?rest_route=\/wp\/v2\/posts\/3224","targetHints":{"allow":["GET"]}}],"collection":[{"href":"https:\/\/dingueries.noblogs.org\/index.php?rest_route=\/wp\/v2\/posts"}],"about":[{"href":"https:\/\/dingueries.noblogs.org\/index.php?rest_route=\/wp\/v2\/types\/post"}],"author":[{"embeddable":true,"href":"https:\/\/dingueries.noblogs.org\/index.php?rest_route=\/wp\/v2\/users\/20017"}],"replies":[{"embeddable":true,"href":"https:\/\/dingueries.noblogs.org\/index.php?rest_route=%2Fwp%2Fv2%2Fcomments&post=3224"}],"version-history":[{"count":1,"href":"https:\/\/dingueries.noblogs.org\/index.php?rest_route=\/wp\/v2\/posts\/3224\/revisions"}],"predecessor-version":[{"id":3225,"href":"https:\/\/dingueries.noblogs.org\/index.php?rest_route=\/wp\/v2\/posts\/3224\/revisions\/3225"}],"wp:attachment":[{"href":"https:\/\/dingueries.noblogs.org\/index.php?rest_route=%2Fwp%2Fv2%2Fmedia&parent=3224"}],"wp:term":[{"taxonomy":"category","embeddable":true,"href":"https:\/\/dingueries.noblogs.org\/index.php?rest_route=%2Fwp%2Fv2%2Fcategories&post=3224"},{"taxonomy":"post_tag","embeddable":true,"href":"https:\/\/dingueries.noblogs.org\/index.php?rest_route=%2Fwp%2Fv2%2Ftags&post=3224"}],"curies":[{"name":"wp","href":"https:\/\/api.w.org\/{rel}","templated":true}]}}