{"id":3232,"date":"2026-01-21T19:21:08","date_gmt":"2026-01-21T18:21:08","guid":{"rendered":"https:\/\/dingueries.noblogs.org\/?p=3232"},"modified":"2026-01-21T13:45:33","modified_gmt":"2026-01-21T12:45:33","slug":"italie-anan-yaeesh-condamne-a-5-ans-et-6-mois-ali-et-mansour-acquittes-liberte-pour-tous-les-prisonniers-palestiniens-dans-les-prisons-italiennes","status":"publish","type":"post","link":"https:\/\/dingueries.noblogs.org\/?p=3232","title":{"rendered":"[Italie] Anan Yaeesh condamn\u00e9 \u00e0 5 ans et 6 mois ; Ali et Mansour acquitt\u00e9s : libert\u00e9 pour tous les prisonniers palestiniens dans les prisons italiennes !"},"content":{"rendered":"<p><a href=\"https:\/\/samidoun.net\/wp-content\/uploads\/2026\/01\/617230914_18399445606135837_854917503374366739_n.jpg\"><img loading=\"lazy\" decoding=\"async\" class=\"wp-image-64716 td-animation-stack-type0-2 alignleft\" src=\"https:\/\/samidoun.net\/wp-content\/uploads\/2026\/01\/617230914_18399445606135837_854917503374366739_n.jpg\" alt=\"\" width=\"294\" height=\"368\" \/><\/a>Publi\u00e9 par <a href=\"https:\/\/samidoun.net\/fr\/2026\/01\/anan-yaeesh-condamne-a-5-ans-et-6-mois-ali-et-mansour-acquittes-liberte-pour-tous-les-prisonniers-palestiniens-dans-les-prisons-italiennes\/\">Samidoun<\/a> le 17\/01\/2026<\/p>\n<p>Dans une affaire qui \u00e9tablit un pr\u00e9c\u00e9dent extr\u00eamement dangereux en mati\u00e8re de r\u00e9pression judiciaire des Palestiniens et des militant\u00b7e\u00b7s pro-Palestine en Europe,<strong> le tribunal de L\u2019Aquila, en Italie, a condamn\u00e9 Anan Yaeesh \u00e0 5 ans et 6 mois de prison pour \u00ab association de malfaiteurs \u00e0 des fins terroristes \u00bb. Lors de la m\u00eame audience, Ali Irar et Mansour Doghmosh ont \u00e9t\u00e9 acquitt\u00e9s. Tous trois \u00e9taient accus\u00e9s de liens avec les Groupes d\u2019intervention rapide de Tulkarem des Brigades des martyrs d\u2019Al-Aqsa, un groupe de r\u00e9sistance actif en Cisjordanie, en Palestine occup\u00e9e.<\/strong><\/p>\n<p><!--more--><\/p>\n<p data-start=\"720\" data-end=\"1040\">Cette condamnation constitue une nouvelle illustration de la coop\u00e9ration institutionnelle des pays europ\u00e9ens avec l\u2019entit\u00e9 sioniste, de la pers\u00e9cution incessante de la r\u00e9sistance palestinienne et du m\u00e9pris pour le droit l\u00e9gal et moral du peuple palestinien \u00e0 r\u00e9sister et \u00e0 lutter pour sa lib\u00e9ration du colonialisme et de l\u2019occupation.<\/p>\n<p data-start=\"1042\" data-end=\"1624\"><strong>Au moment de la lecture de la peine d\u2019Anan Yaeesh, la salle d\u2019audience, remplie de militant\u00b7e\u00b7s solidaires de la Palestine, \u00e9tait satur\u00e9e de cris de \u00ab honte, honte ! \u00bb. Si l\u2019acquittement d\u2019Ali et de Mansour a \u00e9t\u00e9 salu\u00e9, l\u2019iniquit\u00e9 flagrante de la peine inflig\u00e9e \u00e0 Anan a mis en \u00e9vidence la criminalisation de la r\u00e9sistance l\u00e9gale et l\u00e9gitime du peuple palestinien.<\/strong> Anan Yaeesh \u00e9tait accus\u00e9, et a fi\u00e8rement revendiqu\u00e9, sa participation \u00e0 la r\u00e9sistance en Cisjordanie, territoire reconnu comme occup\u00e9 par le droit international et dont la population a le droit de mener une lutte arm\u00e9e pour sa lib\u00e9ration.<\/p>\n<p data-start=\"1626\" data-end=\"1985\"><strong>Les peines prononc\u00e9es sont toutefois nettement inf\u00e9rieures aux r\u00e9quisitions du parquet<\/strong>, qui avait requis 12 ans de prison pour Anan Yaeesh, 9 ans pour Ali Irar et 7 ans pour Mansour Doghmosh. <strong>Anan, qui a annonc\u00e9 qu\u2019il ferait appel, est d\u00e9tenu depuis janvier 2024<\/strong>. Incarc\u00e9r\u00e9 \u00e0 la prison de Melfi, il n\u2019a pu assister \u00e0 l\u2019audience finale que par visioconf\u00e9rence.<\/p>\n<p data-start=\"1987\" data-end=\"2512\"><strong>En Italie, un mouvement de solidarit\u00e9 de plus en plus large s\u2019est mobilis\u00e9 en soutien aux accus\u00e9s, les consid\u00e9rant non comme de simples individus jug\u00e9s, mais comme des membres \u00e0 part enti\u00e8re de la lutte mondiale pour la lib\u00e9ration de la Palestine.<\/strong> De nombreuses organisations, dont Giovani Palestinesi Italia, le Comit\u00e9 Free Anan, ainsi que divers partis politiques de gauche, organisations de la communaut\u00e9 palestinienne, collectifs \u00e9tudiants et mouvements de solidarit\u00e9, ont rejoint la campagne de soutien aux trois hommes.<\/p>\n<p data-start=\"2514\" data-end=\"3190\">\u00c0 l\u2019ext\u00e9rieur du tribunal, l\u2019annonce du verdict a suscit\u00e9 une indignation encore plus grande, les soutiens manifestant avec col\u00e8re contre la condamnation d\u2019Anan. <strong>L\u2019entit\u00e9 sioniste, qui avait tent\u00e9 d\u2019obtenir l\u2019extradition d\u2019Anan Yaeesh en 2024 avant de se voir opposer un refus, a clairement influenc\u00e9 la d\u00e9cision finale par l\u2019interm\u00e9diaire de son ambassade.<\/strong> <strong>Avant l\u2019audience, la d\u00e9fense avait en effet averti que des documents issus du renseignement militaire isra\u00e9lien \u00e9taient utilis\u00e9s comme \u00e9l\u00e9ments de preuve.<\/strong> En r\u00e9alit\u00e9, les charges italiennes retenues contre Yaeesh n\u2019\u00e9taient qu\u2019une reformulation des accusations sionistes avanc\u00e9es pour justifier sa demande d\u2019extradition.<\/p>\n<p data-start=\"2514\" data-end=\"3190\"><a href=\"https:\/\/samidoun.net\/wp-content\/uploads\/2026\/01\/617248274_18399445615135837_8375666803785081258_n.jpg\"><img loading=\"lazy\" decoding=\"async\" class=\"wp-image-64714 td-animation-stack-type0-2 alignleft\" src=\"https:\/\/samidoun.net\/wp-content\/uploads\/2026\/01\/617248274_18399445615135837_8375666803785081258_n.jpg\" alt=\"\" width=\"322\" height=\"403\" \/><\/a>\u00c0 la sortie du tribunal, l\u2019avocat de la d\u00e9fense, Rossi Albertini, a d\u00e9clar\u00e9 :<\/p>\n<p data-start=\"2514\" data-end=\"3190\"><em>\u00ab Ce proc\u00e8s aurait d\u00fb \u00e9tablir si l\u2019on avait affaire \u00e0 du terrorisme ou \u00e0 une r\u00e9sistance l\u00e9gitime \u00e0 l\u2019occupation, en appliquant le droit international humanitaire, mais cette \u00e9tape a \u00e9t\u00e9 totalement contourn\u00e9e. \u00bb<\/em><\/p>\n<p data-start=\"2514\" data-end=\"3190\">L\u2019un des aspects les plus graves du proc\u00e8s a \u00e9t\u00e9 l\u2019exclusion, d\u00e8s le d\u00e9part, de tous les t\u00e9moins de la d\u00e9fense, experts en droit international humanitaire et en situation d\u2019occupation, qui auraient clairement affirm\u00e9 que la r\u00e9sistance \u00e0 l\u2019occupation et \u00e0 la colonisation \u00e9trang\u00e8res est un droit fondamental. Seuls les t\u00e9moins de l\u2019accusation, principalement des agents de la DIGOS (unit\u00e9 sp\u00e9ciale de la police italienne), ont \u00e9t\u00e9 autoris\u00e9s \u00e0 t\u00e9moigner. Plus inqui\u00e9tant encore, le tribunal a tent\u00e9 d\u2019utiliser des proc\u00e8s-verbaux d\u2019interrogatoires de prisonniers palestiniens d\u00e9tenus dans des prisons \u00ab isra\u00e9liennes \u00bb.<\/p>\n<p data-start=\"2514\" data-end=\"3190\"><em>\u00ab Il s\u2019agit de d\u00e9clarations faites sans avocat apr\u00e8s des interrogatoires du Shin Bet, o\u00f9 la torture est syst\u00e9matique. Leur utilisation dans un proc\u00e8s est juridiquement et moralement inacceptable \u00bb<\/em>, a soulign\u00e9 Albertini.<\/p>\n<p data-start=\"4320\" data-end=\"4865\">Le tribunal a en outre admis le t\u00e9moignage d\u2019un repr\u00e9sentant de l\u2019ambassade isra\u00e9lienne.<\/p>\n<p data-start=\"4320\" data-end=\"4865\"><em>\u00ab C\u2019est extr\u00eamement grave,<\/em> a d\u00e9clar\u00e9 Rossi Albertini, <em>de reconna\u00eetre l\u2019\u00c9tat occupant comme source fiable alors m\u00eame que la Cour internationale de justice a d\u00e9clar\u00e9 l\u2019occupation ill\u00e9gale et ordonn\u00e9 le d\u00e9mant\u00e8lement des colonies. \u00bb<\/em><\/p>\n<p data-start=\"4320\" data-end=\"4865\">Cette affaire d\u00e9montre non seulement l\u2019alignement institutionnel du tribunal sur l\u2019occupation sioniste, mais aussi sa volont\u00e9 de laisser un \u00c9tat g\u00e9nocidaire imposer son agenda r\u00e9pressif \u00e0 travers l\u2019appareil judiciaire europ\u00e9en.<\/p>\n<p data-start=\"4867\" data-end=\"5255\">Anan Yaeesh et ses avocats ont d\u00e9j\u00e0 annonc\u00e9 qu\u2019ils feraient appel du verdict. \u00c0 travers cette affaire, ils d\u00e9fendent non seulement Anan, mais aussi le droit du peuple palestinien \u00e0 r\u00e9sister \u00e0 l\u2019occupation, un enjeu crucial au moment m\u00eame o\u00f9 les puissances imp\u00e9rialistes, men\u00e9es par les \u00c9tats-Unis et incluant l\u2019Italie, tentent d\u2019imposer le \u00ab d\u00e9sarmement \u00bb de la r\u00e9sistance palestinienne.<\/p>\n<p data-start=\"5257\" data-end=\"6300\"><strong>Cette affaire n\u2019est pas isol\u00e9e. L\u2019\u00c9tat italien emprisonne \u00e9galement sept Palestiniens, Mohammad Hannoun, pr\u00e9sident de l\u2019Associazione dei Palestinesi in Italia, Raed Dawoud, Yasser Elasaly, Raed al-Salahat, Reyad Albustanji, Khalil Abu Deiah et Adel Abu Rawwa, qu\u2019il accuse de \u00ab financement du Hamas \u00bb pour avoir collect\u00e9 des millions d\u2019euros en soutien au peuple palestinien.<\/strong> Comme dans le cas d\u2019Anan Yaeesh, les poursuites contre ces sept militants, figures de premier plan de la communaut\u00e9 palestinienne et du mouvement de solidarit\u00e9 en Italie, <strong>reposent largement sur des accusations, des d\u00e9signations et des informations de renseignement \u00ab isra\u00e9liennes \u00bb<\/strong>, notamment de pr\u00e9tendus documents saisis par les forces g\u00e9nocidaires \u00e0 Gaza ainsi que des interrogatoires du Shin Bet<strong>.<\/strong> <strong>Ahmed Salem, r\u00e9fugi\u00e9 palestinien du Liban, est lui aussi emprisonn\u00e9 en Italie depuis pr\u00e8s d\u2019un an apr\u00e8s avoir demand\u00e9 l\u2019asile ; au lieu de b\u00e9n\u00e9ficier d\u2019une protection, il est accus\u00e9 de \u00ab propagande terroriste \u00bb pour des vid\u00e9os appelant \u00e0 agir contre le g\u00e9nocide.<\/strong><\/p>\n<p data-start=\"6302\" data-end=\"6736\">L\u2019emprisonnement d\u2019Anan Yaeesh, tout comme la pers\u00e9cution des 7 militants Palestiniens et d\u2019Ahmed Salem, s\u2019inscrit pleinement dans la complicit\u00e9 continue de l\u2019Italie dans le g\u00e9nocide : il s\u2019agit d\u2019un acte direct visant \u00e0 soutenir et encourager le g\u00e9nocide du peuple palestinien en niant la l\u00e9gitimit\u00e9 de sa r\u00e9sistance, en le privant d\u2019aide et de soutien de sa diaspora, et en tentant d\u2019effacer la qu\u00eate de protection, de droits et de retour des r\u00e9fugi\u00e9\u00b7es palestinien\u00b7nes.<\/p>\n<p data-start=\"6302\" data-end=\"6736\"><a href=\"https:\/\/samidoun.net\/wp-content\/uploads\/2026\/01\/616294329_18399445642135837_2599550489248296756_n.jpg\"><img loading=\"lazy\" decoding=\"async\" class=\"wp-image-64715 td-animation-stack-type0-2 alignleft\" src=\"https:\/\/samidoun.net\/wp-content\/uploads\/2026\/01\/616294329_18399445642135837_2599550489248296756_n.jpg\" alt=\"\" width=\"210\" height=\"263\" \/><\/a>Le r\u00e9seau international de solidarit\u00e9 avec les prisonnier\u00b7es palestinien\u00b7nes, Samidoun, f\u00e9licite Ali Irar et Mansour Doghmosh pour leur acquittement, et appelle toutes et tous, en Italie comme \u00e0 l\u2019international, \u00e0 poursuivre la campagne pour la lib\u00e9ration d\u2019Anan Yaeesh et de l\u2019ensemble des prisonniers palestiniens d\u00e9tenus dans les prisons italiennes et autres ge\u00f4les imp\u00e9rialistes, ainsi que la lib\u00e9ration des prisonnier\u00b7es palestinien\u00b7nes enferm\u00e9\u00b7es dans les cachots de l\u2019occupation. Aujourd\u2019hui, 17 janvier \u00e0 15 heures, une manifestation aura lieu \u00e0 Milan, Via Palestro, en solidarit\u00e9 avec la Palestine et avec tous\u00b7tes les prisonnier\u00b7es palestinien\u00b7nes dans les prisons italiennes et de l\u2019occupation.<\/p>\n<p data-start=\"7413\" data-end=\"7689\" data-is-last-node=\"\" data-is-only-node=\"\"><strong>La lutte continue jusqu\u2019\u00e0 la lib\u00e9ration d\u2019Anan Yaeesh et de tous\u00b7tes les prisonnier\u00b7es politiques palestinien\u00b7nes en Italie (Mohammad, Raed, Raed, Yasser, Reyad, Khalil, Adel et Ahmad), en Palestine et \u00e0 travers le monde \u2014 et jusqu\u2019\u00e0 la lib\u00e9ration de la Palestine, de la mer au Jourdain !<\/strong><\/p>\n","protected":false},"excerpt":{"rendered":"<p>Publi\u00e9 par Samidoun le 17\/01\/2026 Dans une affaire qui \u00e9tablit un pr\u00e9c\u00e9dent extr\u00eamement dangereux en mati\u00e8re de r\u00e9pression judiciaire des Palestiniens et des militant\u00b7e\u00b7s pro-Palestine en Europe, le tribunal de L\u2019Aquila, en Italie, a condamn\u00e9 Anan Yaeesh \u00e0 5 ans et 6 mois de prison pour \u00ab association de malfaiteurs \u00e0 des fins terroristes \u00bb. [&hellip;]<\/p>\n","protected":false},"author":20017,"featured_media":0,"comment_status":"closed","ping_status":"closed","sticky":false,"template":"","format":"standard","meta":{"footnotes":""},"categories":[4],"tags":[730,729,22,731,7,754,198],"class_list":["post-3232","post","type-post","status-publish","format-standard","hentry","category-prisonnier-es","tag-ali","tag-anan-yaeesh","tag-italie","tag-mansour","tag-palestine","tag-prisonnier-es-palestinien-nes","tag-repression"],"_links":{"self":[{"href":"https:\/\/dingueries.noblogs.org\/index.php?rest_route=\/wp\/v2\/posts\/3232","targetHints":{"allow":["GET"]}}],"collection":[{"href":"https:\/\/dingueries.noblogs.org\/index.php?rest_route=\/wp\/v2\/posts"}],"about":[{"href":"https:\/\/dingueries.noblogs.org\/index.php?rest_route=\/wp\/v2\/types\/post"}],"author":[{"embeddable":true,"href":"https:\/\/dingueries.noblogs.org\/index.php?rest_route=\/wp\/v2\/users\/20017"}],"replies":[{"embeddable":true,"href":"https:\/\/dingueries.noblogs.org\/index.php?rest_route=%2Fwp%2Fv2%2Fcomments&post=3232"}],"version-history":[{"count":1,"href":"https:\/\/dingueries.noblogs.org\/index.php?rest_route=\/wp\/v2\/posts\/3232\/revisions"}],"predecessor-version":[{"id":3233,"href":"https:\/\/dingueries.noblogs.org\/index.php?rest_route=\/wp\/v2\/posts\/3232\/revisions\/3233"}],"wp:attachment":[{"href":"https:\/\/dingueries.noblogs.org\/index.php?rest_route=%2Fwp%2Fv2%2Fmedia&parent=3232"}],"wp:term":[{"taxonomy":"category","embeddable":true,"href":"https:\/\/dingueries.noblogs.org\/index.php?rest_route=%2Fwp%2Fv2%2Fcategories&post=3232"},{"taxonomy":"post_tag","embeddable":true,"href":"https:\/\/dingueries.noblogs.org\/index.php?rest_route=%2Fwp%2Fv2%2Ftags&post=3232"}],"curies":[{"name":"wp","href":"https:\/\/api.w.org\/{rel}","templated":true}]}}