{"id":3449,"date":"2026-04-26T23:23:34","date_gmt":"2026-04-26T21:23:34","guid":{"rendered":"https:\/\/dingueries.noblogs.org\/?p=3449"},"modified":"2026-04-26T23:15:37","modified_gmt":"2026-04-26T21:15:37","slug":"france-solidarite-pour-kam","status":"publish","type":"post","link":"https:\/\/dingueries.noblogs.org\/?p=3449","title":{"rendered":"[France] Solidarit\u00e9 pour Kam"},"content":{"rendered":"<p><em>Initialement publi\u00e9 sur <a href=\"https:\/\/nantes.indymedia.org\/posts\/164546\/solidarite-pour-kam\/\">Indymedia Nantes<\/a> le 25\/04\/2026.<\/em><\/p>\n<p>Jeudi 9 avril, Kam s\u2019est fait arr\u00eat\u00e9e. Ce matin-l\u00e0, elle est embarqu\u00e9e et passe sa nuit en GAV \u00e0 Romans. Le lendemain, elle est emmen\u00e9e \u00e0 Grenoble pour \u00eatre pr\u00e9sent\u00e9e devant un procureur qui notifie un Mandat d\u2019Arr\u00eat Europ\u00e9ens (MAE) \u00e0 son encontre \u00e9mis par la justice italienne.<\/p>\n<div class=\"post-content\">\n<p>Malgr\u00e9 des garanties de repr\u00e9sentation il a \u00e9t\u00e9 d\u00e9cid\u00e9 de la maintenir enferm\u00e9e et de l\u2019envoyer \u00e0 la prison de Lyon Corbas, o\u00f9 elle restera au moins jusqu\u2019\u00e0 jeudi 30 avril, date \u00e0 laquelle elle repassera en audience publique \u00e0 la Chambre d\u2019Instruction de la Cour d\u2019Appel de Grenoble. C\u2019est cette chambre d\u2019instruction qui statue sur la validit\u00e9 des MAE, leur application et sur le fait de remettre Kam ou non aux autorit\u00e9s italiennes.<\/p>\n<p><!--more--><\/p>\n<p>Jeudi dernier, le 16 avril a eu lieu une 1re audience publique. Il n\u2019a pas \u00e9t\u00e9 question de parler du mandat a proprement parl\u00e9 faute de traduction, mais l\u2019avocate de kam et l\u2019avocate g\u00e9n\u00e9rale du procureur ont demand\u00e9 l\u2019\u00e9tude de faisabilit\u00e9 de la mise en place du bracelet \u00e9lectronique, le temps de la proc\u00e9dure. Ce qui a \u00e9t\u00e9 accept\u00e9 par le juge.<\/p>\n<p>Pour le moment Kam est encore enferm\u00e9e \u00e0 la maison d\u2019arr\u00eat de Lyon Corbas.<\/p>\n<p>Elle y restera au moins jusqu\u2019\u00e0 la prochaine audience o\u00f9 les juges statueront si c\u2019est OK ou non de la faire sortir sous bracelet. Le 30 avril \u00e0 11h sera aussi le moment o\u00f9 kam et son avocate vont pouvoir plaider le fait de refuser l\u2019extradition et se d\u00e9fendre de ce mandat.<\/p>\n<p>Vous pouvez lui envoyer tout votre soutien en lui \u00e9crivant une lettre\u00a0:<\/p>\n<p>Camille Casteran<br \/>\nNum\u00e9ro d \u00e9crou 51043<br \/>\nMaison d\u2019arr\u00eat de Lyon-Corbas<br \/>\nQuartier des femmes 40 boulevard des nations<br \/>\nBP351 69962 Corbas Cedex<\/p>\n<p><img loading=\"lazy\" decoding=\"async\" class=\"alignnone size-medium wp-image-164547\" src=\"https:\/\/nantes.indymedia.org\/wp-content\/uploads\/2026\/04\/kam-300x158.jpg\" alt=\"\" width=\"300\" height=\"158\" \/><\/p>\n<p>Faisons lui sentir notre solidarit\u00e9.<\/p>\n<p>Feu aux fronti\u00e8res, nik la taule et son monde\u00a0!<\/p>\n<\/div>\n","protected":false},"excerpt":{"rendered":"<p>Initialement publi\u00e9 sur Indymedia Nantes le 25\/04\/2026. Jeudi 9 avril, Kam s\u2019est fait arr\u00eat\u00e9e. Ce matin-l\u00e0, elle est embarqu\u00e9e et passe sa nuit en GAV \u00e0 Romans. Le lendemain, elle est emmen\u00e9e \u00e0 Grenoble pour \u00eatre pr\u00e9sent\u00e9e devant un procureur qui notifie un Mandat d\u2019Arr\u00eat Europ\u00e9ens (MAE) \u00e0 son encontre \u00e9mis par la justice italienne. [&hellip;]<\/p>\n","protected":false},"author":20017,"featured_media":0,"comment_status":"closed","ping_status":"closed","sticky":false,"template":"","format":"standard","meta":{"footnotes":""},"categories":[3],"tags":[33,22,961,514],"class_list":["post-3449","post","type-post","status-publish","format-standard","hentry","category-actions","tag-france","tag-italie","tag-kam","tag-lyon"],"_links":{"self":[{"href":"https:\/\/dingueries.noblogs.org\/index.php?rest_route=\/wp\/v2\/posts\/3449","targetHints":{"allow":["GET"]}}],"collection":[{"href":"https:\/\/dingueries.noblogs.org\/index.php?rest_route=\/wp\/v2\/posts"}],"about":[{"href":"https:\/\/dingueries.noblogs.org\/index.php?rest_route=\/wp\/v2\/types\/post"}],"author":[{"embeddable":true,"href":"https:\/\/dingueries.noblogs.org\/index.php?rest_route=\/wp\/v2\/users\/20017"}],"replies":[{"embeddable":true,"href":"https:\/\/dingueries.noblogs.org\/index.php?rest_route=%2Fwp%2Fv2%2Fcomments&post=3449"}],"version-history":[{"count":1,"href":"https:\/\/dingueries.noblogs.org\/index.php?rest_route=\/wp\/v2\/posts\/3449\/revisions"}],"predecessor-version":[{"id":3450,"href":"https:\/\/dingueries.noblogs.org\/index.php?rest_route=\/wp\/v2\/posts\/3449\/revisions\/3450"}],"wp:attachment":[{"href":"https:\/\/dingueries.noblogs.org\/index.php?rest_route=%2Fwp%2Fv2%2Fmedia&parent=3449"}],"wp:term":[{"taxonomy":"category","embeddable":true,"href":"https:\/\/dingueries.noblogs.org\/index.php?rest_route=%2Fwp%2Fv2%2Fcategories&post=3449"},{"taxonomy":"post_tag","embeddable":true,"href":"https:\/\/dingueries.noblogs.org\/index.php?rest_route=%2Fwp%2Fv2%2Ftags&post=3449"}],"curies":[{"name":"wp","href":"https:\/\/api.w.org\/{rel}","templated":true}]}}