{"id":3451,"date":"2026-04-26T23:23:48","date_gmt":"2026-04-26T21:23:48","guid":{"rendered":"https:\/\/dingueries.noblogs.org\/?p=3451"},"modified":"2026-04-26T23:27:17","modified_gmt":"2026-04-26T21:27:17","slug":"france-appel-du-proces-du-8-12","status":"publish","type":"post","link":"https:\/\/dingueries.noblogs.org\/?p=3451","title":{"rendered":"[France] Appel du proc\u00e8s du 8\/12"},"content":{"rendered":"<p><em>Initialement publi\u00e9 sur <a href=\"https:\/\/soutienauxinculpeesdu8decembre.noblogs.org\/post\/2026\/04\/15\/%f0%9f%94%a5appel%f0%9f%94%a5\/\">le blog des Comit\u00e9s du 8\/12<\/a> le 15\/04\/2026.<\/em><\/p>\n<div class=\"entry-content\">\n<p>En 2023 les 7 inculp\u00e9es du 8\/12 \u00e9taient condamn\u00e9.es pour terrorisme avec des peines de prison ferme, fichage europ\u00e9en, interdictions de communication\u2026<br \/>\n6 d\u2019entre elleux font appel de cette d\u00e9cision.<br \/>\nM\u00eame si on ne pourra pas \u00eatre toustes pr\u00e9sent.es au tribunal \u00e0 Paris, il est important de se mobiliser \u00e0 l\u2019ext\u00e9rieur pour afficher notre soutien et emp\u00eacher que la justice et l\u2019\u00c9tat nous invisibilisent !<\/p>\n<p><!--more--><\/p>\n<p>Soutenir le 8\/12 ce n\u2019est pas seulement soutenir individuellement ces camarades-ci, c\u2019est surtout lutter contre la r\u00e9pression de toustes. Si la caract\u00e9risation de terrorisme \u00e9tait valid\u00e9e au terme de l\u2019appel, cela offrirait une jurisprudence in\u00e9dite pour r\u00e9primer les opposant.es politiques. Finies les tentatives de dissolution de groupes politiques autonomes et des collectifs antiautoritaires, l\u2019\u00c9tat pourrait envoyer les membres de ces groupes d\u2019opposant.es directement en prison sous l\u2019accusation d\u2019association de malfaiteurs \u00e0 caract\u00e8re terroriste\u2026<\/p>\n<p>Concernant ce proc\u00e8s en appel, les camarades seront jug\u00e9.es \u00e0 la Cour d\u2019Appel de Paris sur l\u2019ile de la cit\u00e9. La salle qui doit recevoir le proc\u00e8s a une cinquantaine de places assises.<br \/>\nIl se d\u00e9roulera :<br \/>\n<strong>Du 4 au 7 mai 2026<br \/>\nDu 11 au 13 mai 2026<br \/>\nDu 20 au 22 mai 2026<\/strong><br \/>\nLes audiences se d\u00e9rouleront sur des journ\u00e9es enti\u00e8res \u00e0 partir de 9h. L\u2019entr\u00e9e dans l\u2019enceinte du tribunal peut \u00eatre longue pour les personnes sans convocations.<br \/>\nPour rappel la plupart des camarades ne sont pas de la r\u00e9gion parisienne, ce qui est un obstacle materiel de plus \u00e0 l\u2019organisation de la solidarit\u00e9.<\/p>\n<p><strong>RASSEMBLEMENT le 4 MAI \u00e0 13h face \u00e0 la Cour d\u2019Appel<\/strong><\/p>\n<figure class=\"wp-block-image size-large\"><img loading=\"lazy\" decoding=\"async\" class=\"wp-image-3086\" src=\"https:\/\/soutienauxinculpeesdu8decembre.noblogs.org\/files\/2026\/04\/rassemblement-copie-724x1024.jpg\" alt=\"\" width=\"724\" height=\"1024\" \/><\/figure>\n<p>Soyons nombreux.ses pour se soutenir face \u00e0 un \u00c9tat et une justice qui cherche \u00e0 broyer nos id\u00e9es, nos modes d\u2019organisation, nos liens, nos r\u00eaves r\u00e9volutionnaires\u2026<\/p>\n<p>Les besoins :<br \/>\n\ud83d\udda4\u00catre pr\u00e9sent.es au tribunal, prendre des notes, faire des croquis<br \/>\n\ud83d\udda4Pr\u00e9parer et amener de la nourriture<br \/>\n\ud83d\udda4Retranscrire les notes pour publication<br \/>\n\ud83d\udda4Organiser des discussions, des \u00e9v\u00e9nements festifs dans vos localit\u00e9s<br \/>\n\ud83d\udda4 Diffuser des podcasts, articles, brochures\u2026<br \/>\n\ud83d\udda4Participer et partager la cagnotte https:\/\/www.helloasso.com\/associations\/l-asso-lulle-de-feu\/collectes\/cagnotte-de-soutien-aux-inculpe-es-du-8-decembre<\/p>\n<p>Une nouvelle brochure sur l\u2019affaire du 8\/12 mise \u00e0 jour c\u2019est <strong><a href=\"https:\/\/soutienauxinculpeesdu8decembre.noblogs.org\/files\/2026\/04\/Qui-terrorise-qui-_-1.pdf\">ICI<\/a><\/strong><\/p>\n<p>Pour suivre l\u2019actu <a href=\"https:\/\/soutienauxinculpeesdu8decembre.noblogs.org\/\">https:\/\/soutienauxinculpeesdu8decembre.noblogs.org\/<\/a><\/p>\n<p>Pour nous contacter :<\/p>\n<p>812support@riseup.net<br \/>\nsoutien-8dec@riseup.net<\/p>\n<\/div>\n","protected":false},"excerpt":{"rendered":"<p>Initialement publi\u00e9 sur le blog des Comit\u00e9s du 8\/12 le 15\/04\/2026. En 2023 les 7 inculp\u00e9es du 8\/12 \u00e9taient condamn\u00e9.es pour terrorisme avec des peines de prison ferme, fichage europ\u00e9en, interdictions de communication\u2026 6 d\u2019entre elleux font appel de cette d\u00e9cision. M\u00eame si on ne pourra pas \u00eatre toustes pr\u00e9sent.es au tribunal \u00e0 Paris, il [&hellip;]<\/p>\n","protected":false},"author":20017,"featured_media":0,"comment_status":"closed","ping_status":"closed","sticky":false,"template":"","format":"standard","meta":{"footnotes":""},"categories":[4],"tags":[963,33,964,108,725,962],"class_list":["post-3451","post","type-post","status-publish","format-standard","hentry","category-prisonnier-es","tag-antiterrorisme","tag-france","tag-inculpe-es-du-8-12","tag-paris","tag-proces","tag-proces-du-8-12"],"_links":{"self":[{"href":"https:\/\/dingueries.noblogs.org\/index.php?rest_route=\/wp\/v2\/posts\/3451","targetHints":{"allow":["GET"]}}],"collection":[{"href":"https:\/\/dingueries.noblogs.org\/index.php?rest_route=\/wp\/v2\/posts"}],"about":[{"href":"https:\/\/dingueries.noblogs.org\/index.php?rest_route=\/wp\/v2\/types\/post"}],"author":[{"embeddable":true,"href":"https:\/\/dingueries.noblogs.org\/index.php?rest_route=\/wp\/v2\/users\/20017"}],"replies":[{"embeddable":true,"href":"https:\/\/dingueries.noblogs.org\/index.php?rest_route=%2Fwp%2Fv2%2Fcomments&post=3451"}],"version-history":[{"count":1,"href":"https:\/\/dingueries.noblogs.org\/index.php?rest_route=\/wp\/v2\/posts\/3451\/revisions"}],"predecessor-version":[{"id":3452,"href":"https:\/\/dingueries.noblogs.org\/index.php?rest_route=\/wp\/v2\/posts\/3451\/revisions\/3452"}],"wp:attachment":[{"href":"https:\/\/dingueries.noblogs.org\/index.php?rest_route=%2Fwp%2Fv2%2Fmedia&parent=3451"}],"wp:term":[{"taxonomy":"category","embeddable":true,"href":"https:\/\/dingueries.noblogs.org\/index.php?rest_route=%2Fwp%2Fv2%2Fcategories&post=3451"},{"taxonomy":"post_tag","embeddable":true,"href":"https:\/\/dingueries.noblogs.org\/index.php?rest_route=%2Fwp%2Fv2%2Ftags&post=3451"}],"curies":[{"name":"wp","href":"https:\/\/api.w.org\/{rel}","templated":true}]}}