{"id":3453,"date":"2026-04-26T23:23:34","date_gmt":"2026-04-26T21:23:34","guid":{"rendered":"https:\/\/dingueries.noblogs.org\/?p=3453"},"modified":"2026-04-26T23:29:31","modified_gmt":"2026-04-26T21:29:31","slug":"belgique-nouvelles-de-t-incarcere-a-haren-bruxelles-et-restrictions-de-visites","status":"publish","type":"post","link":"https:\/\/dingueries.noblogs.org\/?p=3453","title":{"rendered":"[Belgique] Nouvelles de T, incarc\u00e9r\u00e9 \u00e0 Haren (Bruxelles) et restrictions de visites."},"content":{"rendered":"<div class=\"post-content\">\n<p><em>Initialement publi\u00e9 sur <\/em><a href=\"https:\/\/nantes.indymedia.org\/posts\/164265\/nouvelles-de-t-incarcere-a-haren-bruxelles-et-restrictions-de-visites\/\">Indymedia Nantes<\/a><em> le 16\/04\/2026.<\/em><\/p>\n<p><em><strong>Incarc\u00e9r\u00e9 depuis le 12\u00a0novembre 2025, accus\u00e9 d\u2019avoir\u00a0<a href=\"https:\/\/stuut.info\/Bruxelles-Arrestation-et-incarceration-de-T-8942\">incendi\u00e9 trois v\u00e9hicules de police \u00e0 Bruxelles<\/a>, T est depuis mi-mars \u00ab\u00a0sous restrictions t\u00e9l\u00e9phoniques et de visites\u00a0\u00bb. Concr\u00e8tement, le nombres de visiteurs et d\u2019interlocuteurs telephoniques qu\u2019il \u00e9tait pr\u00e9alablement autoris\u00e9 \u00e0 voir ou \u00e0 contacter a \u00e9t\u00e9 subitement et drastiquement r\u00e9duit.<\/strong><\/em><\/p>\n<p><!--more--><img loading=\"lazy\" decoding=\"async\" class=\"wp-image-164266 alignright\" src=\"https:\/\/nantes.indymedia.org\/wp-content\/uploads\/2026\/04\/02659fae4d1b7a6c2e71fb5d4b4c19-resp800-300x169.png\" alt=\"\" width=\"584\" height=\"329\" \/><\/p>\n<p>Contre ces restrictions une plainte a \u00e9t\u00e9 d\u00e9pos\u00e9e sur la base de l\u2019absence de notification au d\u00e9tenu. Suite \u00e0 cela, elles ont effectivement \u00e9t\u00e9 lev\u00e9es avant d\u2019\u00eatre, toutefois, rapidement r\u00e9instaur\u00e9es lorsqu\u2019une motivation formelle a \u00e9t\u00e9 apport\u00e9e par la direction de la prison.<\/p>\n<p>Cette mesure serait ainsi justifi\u00e9e par les suppos\u00e9s \u00ab\u00a0liens avec des milieux \u00e0 caract\u00e8re extr\u00e9miste\u00a0\u00bb des visiteur.euse.s qui pr\u00e9senteraient le risque de \u00ab\u00a0favoriser le maintien ou le d\u00e9veloppement de r\u00e9seaux d\u2019influences en lien avec ces milieux, ou compromettre la s\u00e9curit\u00e9 de l\u2019\u00e9tablissement\u00a0\u00bb.<\/p>\n<p>Bien que l\u2019instruction vienne d\u2019\u00eatre cl\u00f4tur\u00e9e, la derni\u00e8re audience devant la chambre du conseil (qui statue sur la d\u00e9tention) s\u2019est conclue par son maintien en pr\u00e9ventive.Lors de la prochaine audience, fin avril, il s\u2019agira en plus de fixer une date pour le proc\u00e8s p\u00e9nal. L\u2019enjeu de recevoir des visites et de pouvoir communiquer avec l\u2019ext\u00e9rieur reste donc d\u2019actualit\u00e9.<\/p>\n<p>Faire face \u00e0 l\u2019arbitraire de l\u2019administration p\u00e9nitentiaire est le lot quotidien des prisonnier-e-s et les ge\u00f4liers ont tout un panel de mesures pour renforcer l\u2019isolement. La solidarit\u00e9 avec les r\u00e9sistances et r\u00e9voltes des prisonnier-e-s contre leurs conditions d\u2019isolement fait partie de la lutte contre toutes les prisons.<\/p>\n<p>Les formes et les possibilit\u00e9s de cette lutte sont multiples, que ce soit en recouvrant les murs des villes-prisons avec ses id\u00e9es, la diffusion de tracts ou de journaux, des rassemblements spontan\u00e9s ou aller faire chier les profiteurs et les serviteurs de l\u2019enfermement\u2026 Bref, chacun-e peut se solidariser de la mani\u00e8re qu\u2019iel juge la plus ad\u00e9quate\u00a0!<\/p>\n<p>Solidarit\u00e9 avec T et feu aux prisons.Libert\u00e9 pour toutes et tous\u00a0!<\/p>\n<\/div>\n","protected":false},"excerpt":{"rendered":"<p>Initialement publi\u00e9 sur Indymedia Nantes le 16\/04\/2026. Incarc\u00e9r\u00e9 depuis le 12\u00a0novembre 2025, accus\u00e9 d\u2019avoir\u00a0incendi\u00e9 trois v\u00e9hicules de police \u00e0 Bruxelles, T est depuis mi-mars \u00ab\u00a0sous restrictions t\u00e9l\u00e9phoniques et de visites\u00a0\u00bb. Concr\u00e8tement, le nombres de visiteurs et d\u2019interlocuteurs telephoniques qu\u2019il \u00e9tait pr\u00e9alablement autoris\u00e9 \u00e0 voir ou \u00e0 contacter a \u00e9t\u00e9 subitement et drastiquement r\u00e9duit.<\/p>\n","protected":false},"author":20017,"featured_media":0,"comment_status":"closed","ping_status":"closed","sticky":false,"template":"","format":"standard","meta":{"footnotes":""},"categories":[3],"tags":[221,43,129,378,965],"class_list":["post-3453","post","type-post","status-publish","format-standard","hentry","category-actions","tag-antiflic","tag-belgique","tag-bruxelles","tag-haren","tag-solidarite-avec-t"],"_links":{"self":[{"href":"https:\/\/dingueries.noblogs.org\/index.php?rest_route=\/wp\/v2\/posts\/3453","targetHints":{"allow":["GET"]}}],"collection":[{"href":"https:\/\/dingueries.noblogs.org\/index.php?rest_route=\/wp\/v2\/posts"}],"about":[{"href":"https:\/\/dingueries.noblogs.org\/index.php?rest_route=\/wp\/v2\/types\/post"}],"author":[{"embeddable":true,"href":"https:\/\/dingueries.noblogs.org\/index.php?rest_route=\/wp\/v2\/users\/20017"}],"replies":[{"embeddable":true,"href":"https:\/\/dingueries.noblogs.org\/index.php?rest_route=%2Fwp%2Fv2%2Fcomments&post=3453"}],"version-history":[{"count":1,"href":"https:\/\/dingueries.noblogs.org\/index.php?rest_route=\/wp\/v2\/posts\/3453\/revisions"}],"predecessor-version":[{"id":3454,"href":"https:\/\/dingueries.noblogs.org\/index.php?rest_route=\/wp\/v2\/posts\/3453\/revisions\/3454"}],"wp:attachment":[{"href":"https:\/\/dingueries.noblogs.org\/index.php?rest_route=%2Fwp%2Fv2%2Fmedia&parent=3453"}],"wp:term":[{"taxonomy":"category","embeddable":true,"href":"https:\/\/dingueries.noblogs.org\/index.php?rest_route=%2Fwp%2Fv2%2Fcategories&post=3453"},{"taxonomy":"post_tag","embeddable":true,"href":"https:\/\/dingueries.noblogs.org\/index.php?rest_route=%2Fwp%2Fv2%2Ftags&post=3453"}],"curies":[{"name":"wp","href":"https:\/\/api.w.org\/{rel}","templated":true}]}}