{"id":482,"date":"2024-07-27T11:11:32","date_gmt":"2024-07-27T09:11:32","guid":{"rendered":"https:\/\/dingueries.noblogs.org\/?p=482"},"modified":"2024-07-25T22:41:12","modified_gmt":"2024-07-25T20:41:12","slug":"autriche-contre-manifestation-antifasciste-blocage-et-arrestations","status":"publish","type":"post","link":"https:\/\/dingueries.noblogs.org\/?p=482","title":{"rendered":"[Autriche] Contre-manifestation antifasciste, blocage et arrestations"},"content":{"rendered":"<p>Trouv\u00e9 sur <a href=\"https:\/\/stuut.info\/Autriche-Contre-manifestation-antifasciste-blocage-et-arrestations-4308\">stuut<\/a>, le 24\/07\/2024.<\/p>\n<div class=\"crayon article-texte-4308 article-texte surlignable\">\n<p>Des centaines d\u2019antifascistes se sont rassembl\u00e9s le 21 juillet au centre-ville de Vienne (Autriche) pour protester contre la marche internationale des \u00ab<small class=\"fine\">\u00a0<\/small>identitaires<small class=\"fine\">\u00a0<\/small>\u00bb n\u00e9ofascistes. La manifestation des partisans de l\u2019extr\u00eame droite scandaient et brandissaient des banderoles avec comme th\u00e8me central la \u00ab<small class=\"fine\">\u00a0<\/small>remigration<small class=\"fine\">\u00a0<\/small>\u00bb, et a \u00e9t\u00e9 longtemps bloqu\u00e9e par l\u2019organisation d\u2019un sitting par les militants antifascistes.<\/p>\n<p>Les forces de police se sont d\u00e9ploy\u00e9es pour tenter de mettre fin au blocage proc\u00e9dant \u00e0 plusieurs arrestations temporaires. Les contre-manifestants antifascistes ont alors ripost\u00e9 par des jets de pierres et de bouteilles en verre et sont ensuite partis en une manifestation spontan\u00e9e. Au final, 51 personnes ont \u00e9t\u00e9 arr\u00eat\u00e9es.<\/p>\n<\/div>\n<p><!--more--><\/p>\n<p class=\"crayon article-hyperlien-4308 hyperlien\">Voir en ligne : <a class=\"spip_out\" href=\"https:\/\/secoursrouge.org\/autriche-contre-manifestation-antifasciste-blocage-et-arrestations\/\">Secours Rouge<\/a><\/p>\n","protected":false},"excerpt":{"rendered":"<p>Trouv\u00e9 sur stuut, le 24\/07\/2024. Des centaines d\u2019antifascistes se sont rassembl\u00e9s le 21 juillet au centre-ville de Vienne (Autriche) pour protester contre la marche internationale des \u00ab\u00a0identitaires\u00a0\u00bb n\u00e9ofascistes. La manifestation des partisans de l\u2019extr\u00eame droite scandaient et brandissaient des banderoles avec comme th\u00e8me central la \u00ab\u00a0remigration\u00a0\u00bb, et a \u00e9t\u00e9 longtemps bloqu\u00e9e par l\u2019organisation d\u2019un sitting [&hellip;]<\/p>\n","protected":false},"author":20017,"featured_media":0,"comment_status":"closed","ping_status":"closed","sticky":false,"template":"","format":"standard","meta":{"footnotes":""},"categories":[3],"tags":[76,59],"class_list":["post-482","post","type-post","status-publish","format-standard","hentry","category-actions","tag-antifascisme","tag-autriche"],"_links":{"self":[{"href":"https:\/\/dingueries.noblogs.org\/index.php?rest_route=\/wp\/v2\/posts\/482","targetHints":{"allow":["GET"]}}],"collection":[{"href":"https:\/\/dingueries.noblogs.org\/index.php?rest_route=\/wp\/v2\/posts"}],"about":[{"href":"https:\/\/dingueries.noblogs.org\/index.php?rest_route=\/wp\/v2\/types\/post"}],"author":[{"embeddable":true,"href":"https:\/\/dingueries.noblogs.org\/index.php?rest_route=\/wp\/v2\/users\/20017"}],"replies":[{"embeddable":true,"href":"https:\/\/dingueries.noblogs.org\/index.php?rest_route=%2Fwp%2Fv2%2Fcomments&post=482"}],"version-history":[{"count":1,"href":"https:\/\/dingueries.noblogs.org\/index.php?rest_route=\/wp\/v2\/posts\/482\/revisions"}],"predecessor-version":[{"id":483,"href":"https:\/\/dingueries.noblogs.org\/index.php?rest_route=\/wp\/v2\/posts\/482\/revisions\/483"}],"wp:attachment":[{"href":"https:\/\/dingueries.noblogs.org\/index.php?rest_route=%2Fwp%2Fv2%2Fmedia&parent=482"}],"wp:term":[{"taxonomy":"category","embeddable":true,"href":"https:\/\/dingueries.noblogs.org\/index.php?rest_route=%2Fwp%2Fv2%2Fcategories&post=482"},{"taxonomy":"post_tag","embeddable":true,"href":"https:\/\/dingueries.noblogs.org\/index.php?rest_route=%2Fwp%2Fv2%2Ftags&post=482"}],"curies":[{"name":"wp","href":"https:\/\/api.w.org\/{rel}","templated":true}]}}