{"id":753,"date":"2024-10-04T11:00:37","date_gmt":"2024-10-04T09:00:37","guid":{"rendered":"https:\/\/dingueries.noblogs.org\/?p=753"},"modified":"2024-10-25T13:54:32","modified_gmt":"2024-10-25T11:54:32","slug":"les-prisonnier-es-sont-la-boussole-de-notre-lutte","status":"publish","type":"post","link":"https:\/\/dingueries.noblogs.org\/?p=753","title":{"rendered":"Les prisonnier-es sont la boussole de notre lutte"},"content":{"rendered":"<p>Initialement publi\u00e9 par <a href=\"https:\/\/nantes.indymedia.org\/posts\/130463\/les-prisonnier-es-sont-la-boussole-de-notre-lutte\/\">Indym\u00e9dia Nantes<\/a> le 02\/10\/2024<\/p>\n<p>Version imprimable : <a href=\"https:\/\/dingueries.noblogs.org\/files\/2024\/10\/boussole.pdf\">PDF<\/a><\/p>\n<p>Un ph\u00e9nom\u00e8ne global d\u2019insurrection des prisonnier-es s\u2019est intensifi\u00e9 ces derniers mois \u00e0 travers le monde. Des mutineries des prisonniers kanak aux attaques de postes de police, en passant par la prise d\u2019assaut de la prison de Narsingdi au Bangladesh, qui a permis l\u2019\u00e9vasion de 800 d\u00e9tenu-es, ou encore les soul\u00e8vements dans les prisons italiennes face \u00e0 la canicule, l\u2019\u00e9vasion d\u2019un d\u00e9tenu du CRA de Marseille jusqu\u2019aux r\u00e9centes mutineries dans les prisons en Martinique qui font suite au mouvement \u00ab\u00a0contre la vie ch\u00e8re\u00a0\u00bb (liste non exhaustive), ces \u00e9v\u00e9nements montrent un front de r\u00e9sistance en constante \u00e9bullition.<\/p>\n<p>Si ces \u00e9v\u00e9nements semblent \u00eatre des r\u00e9actions isol\u00e9es, ils r\u00e9v\u00e8lent en r\u00e9alit\u00e9 une dynamique bien plus profonde, celle d\u2019une contestation syst\u00e9mique des fondements m\u00eames de l\u2019enfermement.<\/p>\n<p>Ces r\u00e9voltes de prisonnier-es ne sont pas de simples r\u00e9actions \u00e0 des conditions de vie insupportables, elles portent en elles un v\u00e9ritable contenu r\u00e9volutionnaire. Elles repr\u00e9sentent une remise en question fondamentale du syst\u00e8me p\u00e9nal et carc\u00e9ral, consid\u00e9r\u00e9 par beaucoup comme un outil de r\u00e9pression raciste, de contr\u00f4le social et de marginalisation des populations les plus vuln\u00e9rables. En se soulevant, les prisonnier-es d\u00e9noncent non seulement leur situation imm\u00e9diate, mais aussi un syst\u00e8me plus vaste d\u2019injustice et d\u2019oppression.<!--more--><\/p>\n<p>Mais ces r\u00e9voltes ne se limitent pas aux murs des prisons. Elles s\u2019inscrivent dans un mouvement global de r\u00e9sistance contre l\u2019oppression, et trouvent des \u00e9chos au-del\u00e0 des barreaux, dans d\u2019autres luttes sociales et politiques.<\/p>\n<p>Les mutineries, \u00e9vasions, et r\u00e9voltes contre les conditions de d\u00e9tention sont des actes de r\u00e9appropriation de la libert\u00e9, m\u00eame temporaire, face \u00e0 l\u2019arbitraire de l\u2019\u00c9tat et \u00e0 la violence institutionnelle. Ces mouvements, qu\u2019ils se produisent en Italie, au Bangladesh, en Kanaky ou en France, traduisent une solidarit\u00e9 transnationale entre les prisonnier-es, et r\u00e9sonnent avec d\u2019autres luttes sociales men\u00e9es \u00e0 l\u2019ext\u00e9rieur des prisons.<\/p>\n<p>D\u00e8s lors que l\u2019insurrection \u00e9clate, des structures oppressives telles que les prisons deviennent des cibles privil\u00e9gi\u00e9es. Il est donc essentiel que nous, en tant que r\u00e9volutionnaires, nous engagions dans cette lutte en soutenant activement ces mouvements.<\/p>\n<p>D\u00e8s qu\u2019un contexte insurrectionnel se manifeste, plusieurs symboles de la domination partent en fum\u00e9e. L\u2019un des aspects les plus frappants est cependant le d\u00e9mant\u00e8lement syst\u00e9matique des prisons. Les insurg\u00e9-es savent bien que d\u2019autres r\u00e9volt\u00e9-es y sont enferm\u00e9-es, et la lib\u00e9ration des d\u00e9tenu-es n\u2019est donc pas un simple hasard. C\u2019est l\u00e0 que nous, r\u00e9volutionnaires, avons un r\u00f4le crucial \u00e0 jouer en soutenant activement les attaques contre les prisons \u00e0 travers le monde.<\/p>\n<p>Au c\u0153ur de cette question se pose aussi le d\u00e9bat sur le statut des prisonnier-es. Toutefois, la distinction entre prisonnier-es politiques et de droit commun nous semble non seulement artificielle, mais aussi nuisible \u00e0 une compr\u00e9hension globale du syst\u00e8me r\u00e9pressif.<\/p>\n<p>En r\u00e9alit\u00e9, cette distinction masque le fait que tous-tes les prisonnier-es, quelle que soit leur cat\u00e9gorie, subissent la m\u00eame machine carc\u00e9rale qui oppresse les individus, et que la r\u00e9volte, quelle qu\u2019en soit la forme, est une r\u00e9ponse l\u00e9gitime \u00e0 cette r\u00e9pression globale.<\/p>\n<p>Si certaines th\u00e9ories abolitionnistes tentent d\u2019offrir des r\u00e9ponses aux probl\u00e8mes du syst\u00e8me carc\u00e9ral, elles restent souvent d\u00e9connect\u00e9es des r\u00e9alit\u00e9s v\u00e9cues par les d\u00e9tenu-es et leurs proches.<\/p>\n<p>Nous avons \u00e9galement peu de consid\u00e9ration pour les \u2019professionnel-les\u2019 des th\u00e9ories abolitionnistes, qui s\u2019adressent principalement \u00e0 des milieux universitaires distants des souffrances v\u00e9cues par les familles des prisonnier-es et par les d\u00e9tenu-es eux-m\u00eames.<\/p>\n<p>M\u00eame si la th\u00e9orie a son importance et rend \u00ab\u00a0acceptable\u00a0\u00bb les r\u00e9voltes des prisonnier-es, y compris aux yeux d\u2019une gauche \u00e9lectoraliste, elle reste un soutien minime et un entre-soi loin des luttes anticarc\u00e9rales.<\/p>\n<p>Nous soutiendrons toujours les r\u00e9voltes des prisonnier-es partout dans le monde\u00a0! Feu aux taules\u00a0!<\/p>\n<p><strong>Le RISI (Riposte Insurrectionnelle Si Incarc\u00e9ration)<\/strong><\/p>\n<p><strong>risi-1967@protonmail.com<\/strong><\/p>\n<p>Nous mettons ici quelques dates int\u00e9ressantes \u00e0 venir de luttes contre tout les types d\u2019enfermement\u00a0:<\/p>\n<p><a href=\"https:\/\/lille.indymedia.org\/spip.php?article36665\">30\u00a0septembre au 6\u00a0octobre\u00a0: Contre Frontex \u2013 Appel \u00e0 l\u2019action d\u2019une semaine internationale<\/a><\/p>\n<p><a href=\"https:\/\/nantes.indymedia.org\/events\/130328\/rassemblement-contre-le-projet-de-centre-de-retention-et-contre-frontex\/\">5\u00a0octobre \u00e0 Nantes\u00a0: Rassemblement contre le projet de Centre de R\u00e9tention et contre Frontex<\/a><\/p>\n<p>3 au 7\u00a0octobre \u00e0 Lille\u00a0: Rentr\u00e9e anarchiste avec son lot d\u2019ateliers anticarc\u00e9raux toute la semaine (collectif anti CRA, \u00e9criture de lettres \u00e0 des prisonnier-es, discussions\u2026)<\/p>\n<p><a href=\"https:\/\/secoursrouge.org\/reunion-publique-a-marseille-la-resistance-des-peuples-contre-limperialisme\/\">11\u00a0octobre \u00e0 Marseille\u00a0: R\u00e9union publique sur la lutte de Ayten Ozturk<\/a><\/p>\n<p><a href=\"https:\/\/nantes.indymedia.org\/events\/129555\/crac-1-rencontres-anticarcerales-11-12-13-octobre-au-pl-guerin-a-brest-2\/\">11-12-13\u00a0octobre \u00e0 Brest\u00a0: Rencontres anticarc\u00e9rales<\/a><\/p>\n<p><a href=\"https:\/\/palestinevaincra.com\/2024\/09\/nouvel-appel-unitaire-a-se-mobiliser-pour-la-liberation-de-georges-abdallah\">26\u00a0octobre \u00e0 Lannemezan\u00a0: manifestation pour la lib\u00e9ration de Georges Abdhallah<\/a> (<a href=\"https:\/\/paris-luttes.info\/liberte-pour-georges-liberte-pour-18694\">et de toustes<\/a>) jusqu\u2019au Centre p\u00e9nitentiaire, et l\u2019appel \u00e0 y former un cort\u00e8ge anti carc\u00e9ral <a href=\"https:\/\/palestinevaincra.com\/2024\/09\/nouvel-appel-unitaire-a-se-mobiliser-pour-la-liberation-de-georges-abdallah\/\" rel=\"nofollow external\">\/<\/a><\/p>\n<ul>\n<li>Partout\/tout le temps\u00a0: multiplions les attaques contre la taule sans attendre des mobilisations\u00a0!<\/li>\n<\/ul>\n<p>RDV r\u00e9guliers\u00a0:<\/p>\n<ul>\n<li><a href=\"https:\/\/mars-infos.org\/permanences-anticarcerales-7653\">Permanences anticarc\u00e9rales \u00e0 Marseille\u00a0<\/a><\/li>\n<\/ul>\n<ul>\n<li><a href=\"https:\/\/paris-luttes.info\/+-kalimero-1066-+\">Assembl\u00e9es ouverte de \u00ab\u00a0Kalimero\u00a0\u00bb \u00e0 Paris\u00a0: une caisse et une assembl\u00e9e solidaire des prisonnier-es de la guerre sociale<\/a><\/li>\n<\/ul>\n<ul>\n<li><a href=\"https:\/\/paris-luttes.info\/+-a-bas-les-cra-+\">R\u00e9unions publiques de l\u2019assembl\u00e9e contre les CRA \u00e0 Paris<\/a><\/li>\n<\/ul>\n<ul>\n<li><a href=\"https:\/\/dijoncter.info\/la-rentree-des-ag-anticra-5699\">AG anti CRA \u00e0 Dijon (pas de dates pour octobre pour l\u2019instant mais des infos ici)<\/a><\/li>\n<\/ul>\n","protected":false},"excerpt":{"rendered":"<p>Initialement publi\u00e9 par Indym\u00e9dia Nantes le 02\/10\/2024 Version imprimable : PDF Un ph\u00e9nom\u00e8ne global d\u2019insurrection des prisonnier-es s\u2019est intensifi\u00e9 ces derniers mois \u00e0 travers le monde. Des mutineries des prisonniers kanak aux attaques de postes de police, en passant par la prise d\u2019assaut de la prison de Narsingdi au Bangladesh, qui a permis l\u2019\u00e9vasion de [&hellip;]<\/p>\n","protected":false},"author":20017,"featured_media":0,"comment_status":"closed","ping_status":"closed","sticky":false,"template":"","format":"standard","meta":{"footnotes":""},"categories":[2],"tags":[14,65],"class_list":["post-753","post","type-post","status-publish","format-standard","hentry","category-reflexions","tag-anticarceral","tag-insurrection"],"_links":{"self":[{"href":"https:\/\/dingueries.noblogs.org\/index.php?rest_route=\/wp\/v2\/posts\/753","targetHints":{"allow":["GET"]}}],"collection":[{"href":"https:\/\/dingueries.noblogs.org\/index.php?rest_route=\/wp\/v2\/posts"}],"about":[{"href":"https:\/\/dingueries.noblogs.org\/index.php?rest_route=\/wp\/v2\/types\/post"}],"author":[{"embeddable":true,"href":"https:\/\/dingueries.noblogs.org\/index.php?rest_route=\/wp\/v2\/users\/20017"}],"replies":[{"embeddable":true,"href":"https:\/\/dingueries.noblogs.org\/index.php?rest_route=%2Fwp%2Fv2%2Fcomments&post=753"}],"version-history":[{"count":3,"href":"https:\/\/dingueries.noblogs.org\/index.php?rest_route=\/wp\/v2\/posts\/753\/revisions"}],"predecessor-version":[{"id":870,"href":"https:\/\/dingueries.noblogs.org\/index.php?rest_route=\/wp\/v2\/posts\/753\/revisions\/870"}],"wp:attachment":[{"href":"https:\/\/dingueries.noblogs.org\/index.php?rest_route=%2Fwp%2Fv2%2Fmedia&parent=753"}],"wp:term":[{"taxonomy":"category","embeddable":true,"href":"https:\/\/dingueries.noblogs.org\/index.php?rest_route=%2Fwp%2Fv2%2Fcategories&post=753"},{"taxonomy":"post_tag","embeddable":true,"href":"https:\/\/dingueries.noblogs.org\/index.php?rest_route=%2Fwp%2Fv2%2Ftags&post=753"}],"curies":[{"name":"wp","href":"https:\/\/api.w.org\/{rel}","templated":true}]}}